{"id":178,"date":"2015-06-14T14:05:42","date_gmt":"2015-06-14T12:05:42","guid":{"rendered":"http:\/\/schv-revensdorf.de\/?p=178"},"modified":"2015-06-14T14:05:42","modified_gmt":"2015-06-14T12:05:42","slug":"pokalschiessen-2015","status":"publish","type":"post","link":"http:\/\/schv-revensdorf.de\/?p=178","title":{"rendered":"Pokalschiessen 2015"},"content":{"rendered":"<table width=\"677\">\n<tbody>\n<tr>\n<td colspan=\"7\" width=\"677\"><strong>Pokalgewinner Sch\u00fctzenverein Revensdorf von 1965 e.V.<\/strong><\/td>\n<\/tr>\n<tr>\n<td colspan=\"7\"><strong>Sch\u00fctzenfest 2015<\/strong><\/td>\n<\/tr>\n<tr>\n<td colspan=\"7\"><strong>Preistr\u00e4ger in den sonstigen Disziplinen<\/strong><\/td>\n<\/tr>\n<tr>\n<td colspan=\"3\">Preisschie\u00dfen LG &#8211; Jedermann ( Nicht-Sch\u00fctzen )<\/td>\n<td colspan=\"3\">10er LG &#8211; Jugend 12 &#8211; 18 Jahre Jahre<\/td>\n<\/tr>\n<tr>\n<td>1<\/td>\n<td>Martina Kuballa<\/td>\n<td><\/td>\n<td>1<\/td>\n<td>Malte Fuchs<\/td>\n<td><\/td>\n<\/tr>\n<tr>\n<td>2<\/td>\n<td>Thomas Kraak<\/td>\n<td><\/td>\n<td>2<\/td>\n<td>Marcel Metzinger<\/td>\n<td><\/td>\n<\/tr>\n<tr>\n<td>3<\/td>\n<td>Steffi Vo\u00df<\/td>\n<td><\/td>\n<td>3<\/td>\n<td>Daniel Maash<\/td>\n<td><\/td>\n<\/tr>\n<tr>\n<td colspan=\"3\">Preisschie\u00dfen KK &#8211; Jedermann ( Nicht-Sch\u00fctzen )<\/td>\n<td colspan=\"3\">Laser-Schie\u00dfen 6 &#8211; 11 Jahre<\/td>\n<\/tr>\n<tr>\n<td>1<\/td>\n<td>Eleonore Westrup<\/td>\n<td><\/td>\n<td>1<\/td>\n<td>Maxim Reichert<\/td>\n<td><\/td>\n<\/tr>\n<tr>\n<td>2<\/td>\n<td>Gesa Schwede-Notka<\/td>\n<td><\/td>\n<td>2<\/td>\n<td>Janne K\u00f6ster<\/td>\n<td><\/td>\n<\/tr>\n<tr>\n<td>3<\/td>\n<td>Roland Peter-K\u00f6ster<\/td>\n<td><\/td>\n<td>3<\/td>\n<td>Alexander Dell<\/td>\n<td><\/td>\n<\/tr>\n<tr>\n<td colspan=\"3\">Fischwerfen &#8211; Erwachsene<\/td>\n<td colspan=\"3\">Wii-Spiel<\/td>\n<\/tr>\n<tr>\n<td>1<\/td>\n<td>Lutz Metzinger<\/td>\n<td><\/td>\n<td>1<\/td>\n<td>Finn Neumann<\/td>\n<td><\/td>\n<\/tr>\n<tr>\n<td>2<\/td>\n<td>Helga Kardel<\/td>\n<td><\/td>\n<td>2<\/td>\n<td>Sina Wegner<\/td>\n<td><\/td>\n<\/tr>\n<tr>\n<td>3<\/td>\n<td>Nogger Maash<\/td>\n<td><\/td>\n<td>3<\/td>\n<td>Alexander Dell<\/td>\n<td><\/td>\n<\/tr>\n<tr>\n<td colspan=\"3\">Preisknobeln<\/td>\n<td colspan=\"3\"><\/td>\n<\/tr>\n<tr>\n<td>1<\/td>\n<td>Maike Koch<\/td>\n<td><\/td>\n<td><\/td>\n<td><\/td>\n<td><\/td>\n<\/tr>\n<tr>\n<td>2<\/td>\n<td>Sven Jansen<\/td>\n<td><\/td>\n<td><\/td>\n<td><\/td>\n<td><\/td>\n<\/tr>\n<tr>\n<td>3<\/td>\n<td>R\u00fcdiger Hein<\/td>\n<td><\/td>\n<td><\/td>\n<td><\/td>\n<td><\/td>\n<\/tr>\n<\/tbody>\n<\/table>\n","protected":false},"excerpt":{"rendered":"<p>Pokalgewinner Sch\u00fctzenverein Revensdorf von 1965 e.V. Sch\u00fctzenfest 2015 Preistr\u00e4ger in den sonstigen Disziplinen Preisschie\u00dfen LG &#8211; Jedermann ( Nicht-Sch\u00fctzen ) 10er LG &#8211; Jugend 12 &#8211; 18 Jahre Jahre 1 Martina Kuballa 1 Malte Fuchs 2 Thomas Kraak 2 Marcel Metzinger 3 Steffi Vo\u00df 3 Daniel Maash Preisschie\u00dfen KK &#8211; Jedermann ( Nicht-Sch\u00fctzen ) Laser-Schie\u00dfen 6 &#8211; 11 Jahre 1<\/p>\n","protected":false},"author":2,"featured_media":0,"comment_status":"closed","ping_status":"open","sticky":false,"template":"","format":"standard","meta":{"footnotes":""},"categories":[1],"tags":[],"class_list":["post-178","post","type-post","status-publish","format-standard","hentry","category-allgemein"],"_links":{"self":[{"href":"http:\/\/schv-revensdorf.de\/index.php?rest_route=\/wp\/v2\/posts\/178","targetHints":{"allow":["GET"]}}],"collection":[{"href":"http:\/\/schv-revensdorf.de\/index.php?rest_route=\/wp\/v2\/posts"}],"about":[{"href":"http:\/\/schv-revensdorf.de\/index.php?rest_route=\/wp\/v2\/types\/post"}],"author":[{"embeddable":true,"href":"http:\/\/schv-revensdorf.de\/index.php?rest_route=\/wp\/v2\/users\/2"}],"replies":[{"embeddable":true,"href":"http:\/\/schv-revensdorf.de\/index.php?rest_route=%2Fwp%2Fv2%2Fcomments&post=178"}],"version-history":[{"count":3,"href":"http:\/\/schv-revensdorf.de\/index.php?rest_route=\/wp\/v2\/posts\/178\/revisions"}],"predecessor-version":[{"id":181,"href":"http:\/\/schv-revensdorf.de\/index.php?rest_route=\/wp\/v2\/posts\/178\/revisions\/181"}],"wp:attachment":[{"href":"http:\/\/schv-revensdorf.de\/index.php?rest_route=%2Fwp%2Fv2%2Fmedia&parent=178"}],"wp:term":[{"taxonomy":"category","embeddable":true,"href":"http:\/\/schv-revensdorf.de\/index.php?rest_route=%2Fwp%2Fv2%2Fcategories&post=178"},{"taxonomy":"post_tag","embeddable":true,"href":"http:\/\/schv-revensdorf.de\/index.php?rest_route=%2Fwp%2Fv2%2Ftags&post=178"}],"curies":[{"name":"wp","href":"https:\/\/api.w.org\/{rel}","templated":true}]}}