{"id":136,"date":"2015-01-20T18:47:05","date_gmt":"2015-01-20T16:47:05","guid":{"rendered":"http:\/\/test.schv-revensdorf.de\/?p=136"},"modified":"2015-01-20T18:50:37","modified_gmt":"2015-01-20T16:50:37","slug":"jahreshauptversammlung","status":"publish","type":"post","link":"http:\/\/schv-revensdorf.de\/?p=136","title":{"rendered":"Jahreshauptversammlung"},"content":{"rendered":"<p>&nbsp;<\/p>\n<p>Am Freitag den 16.01.2015 trafen sich die Sch\u00fctzen zur allj\u00e4hrlichen Jahreshauptversammlung.<\/p>\n<p>Informativ und kameradschaftlich verlief die \u00e4u\u00dferst gut besuchte Veranstaltung.<\/p>\n<p>Der 1. Vorsitzende J\u00fcrgen Krabbenh\u00f6ft pr\u00e4sentierte einen umfassenden R\u00fcckblick<\/p>\n<p>auf das vergangene Sch\u00fctzenjahr.<\/p>\n<p>Bis auf eine kleine Ver\u00e4nderung im Jugendvorstand, Miriam Olschewski ist ab sofort<\/p>\n<p>1.Jugendwart und Nogger Maash 2. Jugendwart, bleibt uns die Vereinsf\u00fchrung wie<\/p>\n<p>im Vorjahr erhalten.<\/p>\n<p>Feierlicher H\u00f6hepunkt in diesem Jahr ist das 50j\u00e4hrige Jubil\u00e4um im September,<\/p>\n<p>Pokalschie\u00dfen, Kommers und ein \u00a0gro\u00dfer Festball mit Livemusik sind geplant.<\/p>\n<p>F\u00fcr das laufende Sportjahr viel Erfolg und<\/p>\n<p>\u201eGut Schu\u00df\u201c<\/p>\n<p>&nbsp;<\/p>\n","protected":false},"excerpt":{"rendered":"<p>&nbsp; Am Freitag den 16.01.2015 trafen sich die Sch\u00fctzen zur allj\u00e4hrlichen Jahreshauptversammlung. Informativ und kameradschaftlich verlief die \u00e4u\u00dferst gut besuchte Veranstaltung. Der 1. Vorsitzende J\u00fcrgen Krabbenh\u00f6ft pr\u00e4sentierte einen umfassenden R\u00fcckblick auf das vergangene Sch\u00fctzenjahr. Bis auf eine kleine Ver\u00e4nderung im Jugendvorstand, Miriam Olschewski ist ab sofort 1.Jugendwart und Nogger Maash 2. Jugendwart, bleibt uns die Vereinsf\u00fchrung wie im Vorjahr erhalten.<\/p>\n","protected":false},"author":2,"featured_media":0,"comment_status":"closed","ping_status":"open","sticky":false,"template":"","format":"standard","meta":{"footnotes":""},"categories":[7],"tags":[],"class_list":["post-136","post","type-post","status-publish","format-standard","hentry","category-trainingszeiten"],"_links":{"self":[{"href":"http:\/\/schv-revensdorf.de\/index.php?rest_route=\/wp\/v2\/posts\/136","targetHints":{"allow":["GET"]}}],"collection":[{"href":"http:\/\/schv-revensdorf.de\/index.php?rest_route=\/wp\/v2\/posts"}],"about":[{"href":"http:\/\/schv-revensdorf.de\/index.php?rest_route=\/wp\/v2\/types\/post"}],"author":[{"embeddable":true,"href":"http:\/\/schv-revensdorf.de\/index.php?rest_route=\/wp\/v2\/users\/2"}],"replies":[{"embeddable":true,"href":"http:\/\/schv-revensdorf.de\/index.php?rest_route=%2Fwp%2Fv2%2Fcomments&post=136"}],"version-history":[{"count":2,"href":"http:\/\/schv-revensdorf.de\/index.php?rest_route=\/wp\/v2\/posts\/136\/revisions"}],"predecessor-version":[{"id":138,"href":"http:\/\/schv-revensdorf.de\/index.php?rest_route=\/wp\/v2\/posts\/136\/revisions\/138"}],"wp:attachment":[{"href":"http:\/\/schv-revensdorf.de\/index.php?rest_route=%2Fwp%2Fv2%2Fmedia&parent=136"}],"wp:term":[{"taxonomy":"category","embeddable":true,"href":"http:\/\/schv-revensdorf.de\/index.php?rest_route=%2Fwp%2Fv2%2Fcategories&post=136"},{"taxonomy":"post_tag","embeddable":true,"href":"http:\/\/schv-revensdorf.de\/index.php?rest_route=%2Fwp%2Fv2%2Ftags&post=136"}],"curies":[{"name":"wp","href":"https:\/\/api.w.org\/{rel}","templated":true}]}}